{"id":8967,"date":"2026-06-02T22:00:00","date_gmt":"2026-06-02T20:00:00","guid":{"rendered":"https:\/\/smsigkovacic.me\/?p=8967"},"modified":"2026-06-03T14:06:15","modified_gmt":"2026-06-03T12:06:15","slug":"ucenici-iiie-odjeljenja-u-posjeti-kulturnim-znamenitostima-herceg-novog","status":"publish","type":"post","link":"https:\/\/smsigkovacic.me\/?p=8967","title":{"rendered":"U\u010denici IIIe odjeljenja u posjeti kulturnim znamenitostima Herceg Novog"},"content":{"rendered":"\n<figure class=\"wp-block-image size-large\"><img loading=\"lazy\" decoding=\"async\" width=\"1365\" height=\"1024\" src=\"http:\/\/smsigkovacic.me\/wp-content\/uploads\/2026\/06\/20260602-1-1-1365x1024.jpg\" alt=\"\" class=\"wp-image-8969\" srcset=\"https:\/\/smsigkovacic.me\/wp-content\/uploads\/2026\/06\/20260602-1-1-1365x1024.jpg 1365w, https:\/\/smsigkovacic.me\/wp-content\/uploads\/2026\/06\/20260602-1-1-300x225.jpg 300w, https:\/\/smsigkovacic.me\/wp-content\/uploads\/2026\/06\/20260602-1-1-768x576.jpg 768w, https:\/\/smsigkovacic.me\/wp-content\/uploads\/2026\/06\/20260602-1-1-1536x1152.jpg 1536w, https:\/\/smsigkovacic.me\/wp-content\/uploads\/2026\/06\/20260602-1-1.jpg 1600w\" sizes=\"auto, (max-width: 1365px) 100vw, 1365px\" \/><\/figure>\n\n\n\n<p>Dana 2. juna, u\u010denici IIIe odjeljenja proveli su predivan i edukativan dan obilaze\u0107i dio kulturnih znamenitosti Herceg Novog, u organizaciji NVO COE.<\/p>\n\n\n\n<p>Na\u0161a prva stanica bila je porodi\u010dna ku\u0107a gospodina Mirka Komnenovi\u0107a, u kojoj je danas smje\u0161ten Gradski muzej. Sa velikim interesovanjem i pa\u017enjom u\u010denici su slu\u0161ali pri\u010du o ovom znamenitom hercegnovskom dobrotvoru i nekada\u0161njem gradona\u010delniku. Tokom posjete, obi\u0161li smo bogatu arheolo\u0161ku i etnografsku zbirku, dok su ambijent same ku\u0107e i prelijepo ure\u0111eni vrt dodatno doprinijeli da u\u010denici osjete duh pro\u0161lih vremena i shvate zna\u010daj o\u010duvanja lokalne tradicije.<\/p>\n\n\n\n<p>Nakon muzeja, posjeta je nastavljena u ku\u0107i na\u0161eg nobelovca Ive Andri\u0107a. Za u\u010denike tre\u0107eg razreda srednje \u0161kole, ovo je bila izuzetna prilika da gradivo iz knji\u017eevnosti o\u017eivi na poseban na\u010din. \u0160etaju\u0107i kroz prostorije u kojima je Andri\u0107 boravio i stvarao, u\u010denici su imali priliku da razgledaju stalnu postavku, fotografije i li\u010dne predmete ovog velikog pisca. Bilo je o\u010digledno da ih je posebno inspirisalo to \u0161to su se na\u0161li na mjestu koje je predstavljalo oazu stvarala\u0161tva jednog od najve\u0107ih knji\u017eevnih umova.<\/p>\n\n\n\n<p>Ovo vrijedno i nezaboravno iskustvo sa u\u010denicima IIIe odjeljenja podijelile su profesorice Biljana Grle i Nata\u0161a Bulatovi\u0107.<\/p>\n\n\n\n<hr class=\"wp-block-separator has-alpha-channel-opacity\"\/>\n\n\n<style type=\"text\/css\">\n#foogallery-gallery-8973 .fg-image { width: 270px; }\n#foogallery-gallery-8973 { --fg-gutter: 10px; }<\/style>\n\t\t\t<div class=\"foogallery foogallery-container foogallery-default foogallery-lightbox-foogallery fg-center fg-default fg-ready fg-light fg-shadow-medium fg-loading-default fg-loaded-fade-in fg-preset fg-brad fg-preset-small fg-preset fg-brad fg-preset-small\" id=\"foogallery-gallery-8973\" data-foogallery=\"{&quot;panel&quot;:{&quot;buttons&quot;:{&quot;download&quot;:false}},&quot;item&quot;:{&quot;showCaptionTitle&quot;:true,&quot;showCaptionDescription&quot;:true},&quot;lazy&quot;:true,&quot;src&quot;:&quot;src&quot;,&quot;srcset&quot;:&quot;srcset&quot;}\" data-foogallery-lightbox=\"{&quot;thumbs&quot;:&quot;bottom&quot;,&quot;thumbsCaptions&quot;:false,&quot;thumbsBestFit&quot;:false,&quot;thumbsSmall&quot;:false,&quot;thumbsCaptionsAlign&quot;:&quot;default&quot;,&quot;info&quot;:&quot;bottom&quot;,&quot;infoVisible&quot;:true,&quot;infoOverlay&quot;:true,&quot;infoAlign&quot;:&quot;default&quot;,&quot;transition&quot;:&quot;fade&quot;,&quot;hoverButtons&quot;:false,&quot;fitMedia&quot;:false,&quot;noScrollbars&quot;:true,&quot;preserveButtonSpace&quot;:true,&quot;buttons&quot;:{&quot;fullscreen&quot;:true,&quot;info&quot;:true,&quot;thumbs&quot;:false,&quot;download&quot;:false},&quot;video&quot;:{&quot;autoPlay&quot;:true}}\" style=\"--fg-title-line-clamp: 1; --fg-description-line-clamp: 2;\" >\n\t<div class=\"fg-item fg-type-image fg-loading\"><figure class=\"fg-item-inner\"><a href=\"https:\/\/smsigkovacic.me\/wp-content\/uploads\/2026\/06\/20260602-1-5.jpg\" data-attachment-id=\"8972\" data-type=\"image\" class=\"fg-thumb\"><span class=\"fg-image-wrap\"><img src=\"https:\/\/smsigkovacic.me\/wp-content\/uploads\/cache\/2026\/06\/20260602-1-5\/1038780891.jpg\" width=\"270\" height=\"230\" class=\"skip-lazy fg-image\" decoding=\"async\" loading=\"lazy\"><\/span><span class=\"fg-image-overlay\"><\/span><\/a><\/figure><div class=\"fg-loader\"><\/div><\/div><div class=\"fg-item fg-type-image fg-loading\"><figure class=\"fg-item-inner\"><a href=\"https:\/\/smsigkovacic.me\/wp-content\/uploads\/2026\/06\/20260602-1-4.jpg\" data-attachment-id=\"8971\" data-type=\"image\" class=\"fg-thumb\"><span class=\"fg-image-wrap\"><img src=\"https:\/\/smsigkovacic.me\/wp-content\/uploads\/cache\/2026\/06\/20260602-1-4\/3090791530.jpg\" width=\"270\" height=\"230\" class=\"skip-lazy fg-image\" decoding=\"async\" loading=\"lazy\"><\/span><span class=\"fg-image-overlay\"><\/span><\/a><\/figure><div class=\"fg-loader\"><\/div><\/div><div class=\"fg-item fg-type-image fg-loading\"><figure class=\"fg-item-inner\"><a href=\"https:\/\/smsigkovacic.me\/wp-content\/uploads\/2026\/06\/20260602-1-3.jpg\" data-attachment-id=\"8970\" data-type=\"image\" class=\"fg-thumb\"><span class=\"fg-image-wrap\"><img src=\"https:\/\/smsigkovacic.me\/wp-content\/uploads\/cache\/2026\/06\/20260602-1-3\/1023105961.jpg\" width=\"270\" height=\"230\" class=\"skip-lazy fg-image\" decoding=\"async\" loading=\"lazy\"><\/span><span class=\"fg-image-overlay\"><\/span><\/a><\/figure><div class=\"fg-loader\"><\/div><\/div><div class=\"fg-item fg-type-image fg-loading\"><figure class=\"fg-item-inner\"><a href=\"https:\/\/smsigkovacic.me\/wp-content\/uploads\/2026\/06\/20260602-1-1.jpg\" data-attachment-id=\"8969\" data-type=\"image\" class=\"fg-thumb\"><span class=\"fg-image-wrap\"><img src=\"https:\/\/smsigkovacic.me\/wp-content\/uploads\/cache\/2026\/06\/20260602-1-1\/1028189564.jpg\" width=\"270\" height=\"230\" class=\"skip-lazy fg-image\" decoding=\"async\" loading=\"lazy\"><\/span><span class=\"fg-image-overlay\"><\/span><\/a><\/figure><div class=\"fg-loader\"><\/div><\/div><\/div>\n\n","protected":false},"excerpt":{"rendered":"<p>Dana 2. juna, u\u010denici IIIe odjeljenja proveli su predivan i edukativan dan obilaze\u0107i dio kulturnih znamenitosti Herceg Novog, u organizaciji&#46;&#46;&#46;<\/p>\n","protected":false},"author":1,"featured_media":8969,"comment_status":"closed","ping_status":"open","sticky":false,"template":"","format":"standard","meta":{"footnotes":""},"categories":[2],"tags":[],"class_list":["post-8967","post","type-post","status-publish","format-standard","has-post-thumbnail","hentry","category-aktuelnosti"],"_links":{"self":[{"href":"https:\/\/smsigkovacic.me\/index.php?rest_route=\/wp\/v2\/posts\/8967","targetHints":{"allow":["GET"]}}],"collection":[{"href":"https:\/\/smsigkovacic.me\/index.php?rest_route=\/wp\/v2\/posts"}],"about":[{"href":"https:\/\/smsigkovacic.me\/index.php?rest_route=\/wp\/v2\/types\/post"}],"author":[{"embeddable":true,"href":"https:\/\/smsigkovacic.me\/index.php?rest_route=\/wp\/v2\/users\/1"}],"replies":[{"embeddable":true,"href":"https:\/\/smsigkovacic.me\/index.php?rest_route=%2Fwp%2Fv2%2Fcomments&post=8967"}],"version-history":[{"count":2,"href":"https:\/\/smsigkovacic.me\/index.php?rest_route=\/wp\/v2\/posts\/8967\/revisions"}],"predecessor-version":[{"id":8974,"href":"https:\/\/smsigkovacic.me\/index.php?rest_route=\/wp\/v2\/posts\/8967\/revisions\/8974"}],"wp:featuredmedia":[{"embeddable":true,"href":"https:\/\/smsigkovacic.me\/index.php?rest_route=\/wp\/v2\/media\/8969"}],"wp:attachment":[{"href":"https:\/\/smsigkovacic.me\/index.php?rest_route=%2Fwp%2Fv2%2Fmedia&parent=8967"}],"wp:term":[{"taxonomy":"category","embeddable":true,"href":"https:\/\/smsigkovacic.me\/index.php?rest_route=%2Fwp%2Fv2%2Fcategories&post=8967"},{"taxonomy":"post_tag","embeddable":true,"href":"https:\/\/smsigkovacic.me\/index.php?rest_route=%2Fwp%2Fv2%2Ftags&post=8967"}],"curies":[{"name":"wp","href":"https:\/\/api.w.org\/{rel}","templated":true}]}}