{"id":5217,"date":"2023-03-22T22:00:00","date_gmt":"2023-03-22T20:00:00","guid":{"rendered":"https:\/\/smsigkovacic.me\/?p=5217"},"modified":"2023-03-27T16:55:24","modified_gmt":"2023-03-27T14:55:24","slug":"rodendanska-akademija-sms-ivan-goran-kovacic-kao-najljepsa-oda-herceg-novom","status":"publish","type":"post","link":"https:\/\/smsigkovacic.me\/?p=5217","title":{"rendered":"Ro\u0111endanska akademija SM\u0160 Ivan Goran Kova\u010di\u0107 kao najljep\u0161a oda Herceg Novom"},"content":{"rendered":"\n<p>tekst preuzet sa <a href=\"https:\/\/rthn.co.me\/?p=72374\" target=\"_blank\" rel=\"noreferrer noopener\">portala Radio televizije Herceg Novi<\/a><\/p>\n\n\n\n<hr class=\"wp-block-separator\"\/>\n\n\n\n<div class=\"wp-block-image\"><figure class=\"aligncenter size-full\"><img loading=\"lazy\" decoding=\"async\" width=\"1200\" height=\"900\" src=\"https:\/\/smsigkovacic.me\/wp-content\/uploads\/2023\/03\/akademija-SMS-IGK-2023-14.jpg\" alt=\"\" class=\"wp-image-5218\" srcset=\"https:\/\/smsigkovacic.me\/wp-content\/uploads\/2023\/03\/akademija-SMS-IGK-2023-14.jpg 1200w, https:\/\/smsigkovacic.me\/wp-content\/uploads\/2023\/03\/akademija-SMS-IGK-2023-14-300x225.jpg 300w, https:\/\/smsigkovacic.me\/wp-content\/uploads\/2023\/03\/akademija-SMS-IGK-2023-14-768x576.jpg 768w\" sizes=\"auto, (max-width: 1200px) 100vw, 1200px\" \/><\/figure><\/div>\n\n\n\n<p>\u201eKoliko se samo ljubavi i umjetnosti slilo u njega, toliko je isto on ljubavi i ljepote darivao svakom\u201c \u2013 ovo je samo jedna od poruka novskih srednjo\u0161kolaca koju su ve\u010deras na sve\u010danoj, ro\u0111endanskoj akademiji darivali publici, gradu, svakom slede\u0107em putniku i gostu Herceg Novog. Dan SM\u0160 \u201eIvan Goran Kova\u010di\u0107\u201c bio je povod za priredbu u Dvorani Park i jednu sna\u017enu pri\u010du o tome koliko se voli svoj grad, onaj u kojem nije sve savr\u0161eno, ali u kojem je \u201eljepota na svakom koraku, a svaki korak je ljepota\u201c.<\/p>\n\n\n\n<div class=\"wp-block-image\"><figure class=\"aligncenter size-full\"><img loading=\"lazy\" decoding=\"async\" width=\"1024\" height=\"768\" src=\"https:\/\/smsigkovacic.me\/wp-content\/uploads\/2023\/03\/akademija-SMS-IGK-2023-9-1024x768-1.jpg\" alt=\"\" class=\"wp-image-5219\" srcset=\"https:\/\/smsigkovacic.me\/wp-content\/uploads\/2023\/03\/akademija-SMS-IGK-2023-9-1024x768-1.jpg 1024w, https:\/\/smsigkovacic.me\/wp-content\/uploads\/2023\/03\/akademija-SMS-IGK-2023-9-1024x768-1-300x225.jpg 300w, https:\/\/smsigkovacic.me\/wp-content\/uploads\/2023\/03\/akademija-SMS-IGK-2023-9-1024x768-1-768x576.jpg 768w\" sizes=\"auto, (max-width: 1024px) 100vw, 1024px\" \/><\/figure><\/div>\n\n\n\n<p>\u201eLice grada\u201c, kako je bio naziv sve\u010danog programa, donijeli su na scenu mladi glumci, polaznici \u0161kolske dramske sekcije Boris, Lana, Vladana, Andrea, Andrej, Lara i Radovan, pra\u0107eni muzikom svojih drugara i pjesmom hora, solo ta\u010dkama, ali i plesom u\u010denica, \u010dlanica Diana. Uspjeli su da ispri\u010daju pri\u010du o Novom kojeg vole, gradu \u201ekoji \u0107e u njima ostati za cijeli \u017eivot, ma gdje po\u0161li\u201c, da skrenu pa\u017enju da nije sve savr\u0161eno, ali da je i u svojoj nesavr\u0161enosti to posebno mjesto te da svi zajedno mo\u017eemo u\u010diniti da bude jo\u0161 ljep\u0161e, bolje mjesto za sve njih, nas i one koji u njega dolaze. Na\u0161li su na\u010din da prika\u017eu po koju \u201e\u0107akulu s pajce\u201c, podsjte na Novi nekada, donesu miris mora i juga kroz pri\u010du ribara, pozdrave se sa kenova i adio, izgovore stihove umjetnika i knji\u017eevnika. A onda su na scenu stigle slike koje Novi \u010dine prepoznatljivim \u2013 par u boke\u0161koj no\u0161nji, ma\u017eoretka, ma\u0161kare, ribar, HSF \u2026.<\/p>\n\n\n\n<div class=\"wp-block-columns is-layout-flex wp-container-core-columns-is-layout-9d6595d7 wp-block-columns-is-layout-flex\">\n<div class=\"wp-block-column is-layout-flow wp-block-column-is-layout-flow\">\n<figure class=\"wp-block-image size-full\"><img loading=\"lazy\" decoding=\"async\" width=\"1024\" height=\"743\" src=\"http:\/\/smsigkovacic.me\/wp-content\/uploads\/2023\/03\/akademija-SMS-IGK-2023-12-1024x743-1.jpg\" alt=\"\" class=\"wp-image-5220\" srcset=\"https:\/\/smsigkovacic.me\/wp-content\/uploads\/2023\/03\/akademija-SMS-IGK-2023-12-1024x743-1.jpg 1024w, https:\/\/smsigkovacic.me\/wp-content\/uploads\/2023\/03\/akademija-SMS-IGK-2023-12-1024x743-1-300x218.jpg 300w, https:\/\/smsigkovacic.me\/wp-content\/uploads\/2023\/03\/akademija-SMS-IGK-2023-12-1024x743-1-768x557.jpg 768w\" sizes=\"auto, (max-width: 1024px) 100vw, 1024px\" \/><\/figure>\n<\/div>\n\n\n\n<div class=\"wp-block-column is-layout-flow wp-block-column-is-layout-flow\">\n<figure class=\"wp-block-image size-full\"><img loading=\"lazy\" decoding=\"async\" width=\"1024\" height=\"768\" src=\"https:\/\/smsigkovacic.me\/wp-content\/uploads\/2023\/03\/akademija-SMS-IGK-2023-11-1024x768-1.jpg\" alt=\"\" class=\"wp-image-5221\" srcset=\"https:\/\/smsigkovacic.me\/wp-content\/uploads\/2023\/03\/akademija-SMS-IGK-2023-11-1024x768-1.jpg 1024w, https:\/\/smsigkovacic.me\/wp-content\/uploads\/2023\/03\/akademija-SMS-IGK-2023-11-1024x768-1-300x225.jpg 300w, https:\/\/smsigkovacic.me\/wp-content\/uploads\/2023\/03\/akademija-SMS-IGK-2023-11-1024x768-1-768x576.jpg 768w\" sizes=\"auto, (max-width: 1024px) 100vw, 1024px\" \/><\/figure>\n<\/div>\n<\/div>\n\n\n\n<p>Red po red, nastajao je scenario za Lice grada \u2013 Herceg Novog, pri\u010da nam maturant gimnazije Radovan Milovi\u0107 koji je odli\u010dno vladao scenom kao Herceg.<\/p>\n\n\n\n<p>\u2013 Trebalo nam je malo vremena da osmislimo i u\u0111emo u uloge i karaktere. Dio teksta smo pisali sami, dio nam je pomogla profesorica. Odavno smo znali temu, ali trebalo je malo vremena da konkretno smislimo. Tema nam je bila bliska pa smo htjeli da ispadne kako treba, da to pria\u017eemo jo\u0161 bolje. Grad je lijep, ima te neke svoje stvari koje ga \u010dine mo\u017eda malo manje lijepim nego \u0161to bi mogao da bude, ali ako se svi zajedno potrudimo, mo\u017ee da zasija, kazao je Radovan.<\/p>\n\n\n\n<p>Drugu stranu podsvjesti, onu koja voli da kritikuje i prespituje, na scenu je odli\u010dno prenijela Lara Kova\u010devi\u0107, maturantkinja gimnazije.<\/p>\n\n\n\n<div class=\"wp-block-image\"><figure class=\"aligncenter size-full\"><img loading=\"lazy\" decoding=\"async\" width=\"1024\" height=\"775\" src=\"https:\/\/smsigkovacic.me\/wp-content\/uploads\/2023\/03\/akademija-SMS-IGK-2023-17-1024x775-1.jpg\" alt=\"\" class=\"wp-image-5222\" srcset=\"https:\/\/smsigkovacic.me\/wp-content\/uploads\/2023\/03\/akademija-SMS-IGK-2023-17-1024x775-1.jpg 1024w, https:\/\/smsigkovacic.me\/wp-content\/uploads\/2023\/03\/akademija-SMS-IGK-2023-17-1024x775-1-300x227.jpg 300w, https:\/\/smsigkovacic.me\/wp-content\/uploads\/2023\/03\/akademija-SMS-IGK-2023-17-1024x775-1-768x581.jpg 768w\" sizes=\"auto, (max-width: 1024px) 100vw, 1024px\" \/><\/figure><\/div>\n\n\n\n<p>\u2013 Mislim da smo uspjeli, da smo dobili ono \u0161to smo tra\u017eili i da su i u\u010denici i nastavnici i roditelji ponijeli dobre utiske nakon akademije, da im se svidjelo ovo \u0161to smo napravili. Divim se talentu i entuzijazmu profesorice Ane Mirja\u010di\u0107 koja sve ovo radi ve\u0107 dvadeset godina. I nikada ne dopu\u0161ta da se mi osje\u0107amo neuklju\u010deno. Pisala sam ve\u0107inu svojih replika, drugi glumci su uticali na svoj tekst\u2026 Ona nama daje izra\u017eajnu slobodu i divan je cijeli proces. To je ta prednost dramske sekcije \u0161to imamo vi\u0161e mjesta za improvizaciju, saradnju, smijeh, anegdote i sli\u010dno.. Amaterski, ali su nas hvalili kao da smo profesionalci. Volim glumu, lako ulazim u ulogu i uvijek se \u0161alim sa roditeljima da mi je vje\u010dita inspiracija \u017dika Todorovi\u0107 za to kako se lik kre\u0107e, pona\u0161a\u2026 Volim ovakve stvari i predstavljaju odre\u0111eni bjeg od bilo \u010dega od \u010dega u tok trenutku bje\u017eim, istakla je Lara.<\/p>\n\n\n\n<p>Uvijek stepenicu ili skalin vi\u0161e, podi\u017ee nivo akademije, iz godine u godinu, i tako ve\u0107 dvije decenije \u2013 profesorica Ana Mirja\u010di\u0107 koja, zajedno sa u\u010denicima, potpisuje scenario. Tako je \u201eLice grada\u201c do\u0161lo pred novsku publiku.<\/p>\n\n\n\n<div class=\"wp-block-columns is-layout-flex wp-container-core-columns-is-layout-9d6595d7 wp-block-columns-is-layout-flex\">\n<div class=\"wp-block-column is-layout-flow wp-block-column-is-layout-flow\">\n<figure class=\"wp-block-image size-full\"><img loading=\"lazy\" decoding=\"async\" width=\"1024\" height=\"768\" src=\"https:\/\/smsigkovacic.me\/wp-content\/uploads\/2023\/03\/akademija-SMS-IGK-2023-16-1024x768-1.jpg\" alt=\"\" class=\"wp-image-5223\" srcset=\"https:\/\/smsigkovacic.me\/wp-content\/uploads\/2023\/03\/akademija-SMS-IGK-2023-16-1024x768-1.jpg 1024w, https:\/\/smsigkovacic.me\/wp-content\/uploads\/2023\/03\/akademija-SMS-IGK-2023-16-1024x768-1-300x225.jpg 300w, https:\/\/smsigkovacic.me\/wp-content\/uploads\/2023\/03\/akademija-SMS-IGK-2023-16-1024x768-1-768x576.jpg 768w\" sizes=\"auto, (max-width: 1024px) 100vw, 1024px\" \/><\/figure>\n<\/div>\n\n\n\n<div class=\"wp-block-column is-layout-flow wp-block-column-is-layout-flow\">\n<figure class=\"wp-block-image size-full\"><img loading=\"lazy\" decoding=\"async\" width=\"1024\" height=\"759\" src=\"https:\/\/smsigkovacic.me\/wp-content\/uploads\/2023\/03\/akademija-SMS-IGK-2023-13-1024x759-1.jpg\" alt=\"\" class=\"wp-image-5224\" srcset=\"https:\/\/smsigkovacic.me\/wp-content\/uploads\/2023\/03\/akademija-SMS-IGK-2023-13-1024x759-1.jpg 1024w, https:\/\/smsigkovacic.me\/wp-content\/uploads\/2023\/03\/akademija-SMS-IGK-2023-13-1024x759-1-300x222.jpg 300w, https:\/\/smsigkovacic.me\/wp-content\/uploads\/2023\/03\/akademija-SMS-IGK-2023-13-1024x759-1-768x569.jpg 768w\" sizes=\"auto, (max-width: 1024px) 100vw, 1024px\" \/><\/figure>\n<\/div>\n<\/div>\n\n\n\n<p>\u2013 Nisam Novljanka, ali jako volim Novi. Ovo je ustvari samo jo\u0161 jedna pri\u010da u kojoj na\u0161i \u0111aci pokazuju svoju posebnost i kreativnost. Nadam se da smo uspjeli u tome. Nije bilo lako, imala sam pomo\u0107 Bokelja, tu su bili boke\u0161ki izrazi. A kada govorimo o ideji za akademiju, ve\u0107 smo govorili o tome da ni\u0161ta nije savr\u0161eno, ali je lijepo da gledamo ono \u0161to je lijepo, a ono \u0161to je ru\u017eno \u2013 nemojmo zatvrati o\u010di nego hajde da ispravimo i sve \u0107e biti bolje. To ostaje na mladim ljudima. Ovo su sve oni pokazali, uradili, jako lijepo iznijeli, a ja sam bila samo jedan mali vjetar u le\u0111a, kazala je prof. Mirja\u010di\u0107.<\/p>\n\n\n\n<p>Horski repertoar je odu\u0161evio publiku, donio jo\u0161 energije i ljubavi kroz svaku notu. Do izlaska na scenu marljivo su radili i imali probe svakog dana, kazala je dirigent, profesorica Jovana Mustur Ra\u017enatovi\u0107.<\/p>\n\n\n\n<div class=\"wp-block-image\"><figure class=\"aligncenter size-full\"><img loading=\"lazy\" decoding=\"async\" width=\"1024\" height=\"768\" src=\"https:\/\/smsigkovacic.me\/wp-content\/uploads\/2023\/03\/akademija-SMS-IGK-2023-8-1024x768-1.jpg\" alt=\"\" class=\"wp-image-5225\" srcset=\"https:\/\/smsigkovacic.me\/wp-content\/uploads\/2023\/03\/akademija-SMS-IGK-2023-8-1024x768-1.jpg 1024w, https:\/\/smsigkovacic.me\/wp-content\/uploads\/2023\/03\/akademija-SMS-IGK-2023-8-1024x768-1-300x225.jpg 300w, https:\/\/smsigkovacic.me\/wp-content\/uploads\/2023\/03\/akademija-SMS-IGK-2023-8-1024x768-1-768x576.jpg 768w\" sizes=\"auto, (max-width: 1024px) 100vw, 1024px\" \/><\/figure><\/div>\n\n\n\n<p>\u2013 Toliko su emocija dejca donijela na scenu. Prethodnih dana su se i trudili i radili. Drago mi je \u0161to su sve usvojili \u0161to smo pri\u010dali. Bili su tako energi\u010dni i \u201e\u017eivi\u201c na sceni, ba\u0161 sam ponosna. Bili su pravi mali profesionalci. Ubacili smo i koreografiju na zadnju numeru Hit the Road Jack\u201c, stari hit iz 1961. godine. Imali su puno pjesama, raznovrsan repertoar. Intezivno smo se spremali \u010ditav mjesec, svakog dana smo imali probe. Djeca su zaista vje\u017ebala, potrudili su se da \u0161to bolje i kvalitetnije izvedu numere, kazala je prof Mustur Ra\u017enatovi\u0107.<\/p>\n\n\n\n<div class=\"wp-block-image\"><figure class=\"aligncenter size-full\"><img loading=\"lazy\" decoding=\"async\" width=\"1024\" height=\"736\" src=\"https:\/\/smsigkovacic.me\/wp-content\/uploads\/2023\/03\/akademija-SMS-IGK-2023-1-1024x736-1.jpg\" alt=\"\" class=\"wp-image-5226\" srcset=\"https:\/\/smsigkovacic.me\/wp-content\/uploads\/2023\/03\/akademija-SMS-IGK-2023-1-1024x736-1.jpg 1024w, https:\/\/smsigkovacic.me\/wp-content\/uploads\/2023\/03\/akademija-SMS-IGK-2023-1-1024x736-1-300x216.jpg 300w, https:\/\/smsigkovacic.me\/wp-content\/uploads\/2023\/03\/akademija-SMS-IGK-2023-1-1024x736-1-768x552.jpg 768w\" sizes=\"auto, (max-width: 1024px) 100vw, 1024px\" \/><\/figure><\/div>\n\n\n\n<p>Zaiskrila je i 64. Iskra, a me\u0111u koricama sabrala brojne pri\u010de iz \u0161kolskog \u017eivota. Zadovoljstvo nije krila prof. Dijana Roganovi\u0107 koja sa prof. Ljubom Ljubisavljevi\u0107em \u010dini uredni\u0161tvo lista, dok je za tehni\u010dki dio zadu\u017een aktiv profesora informatike na \u010delu sa profesorom Mariom \u0160imi\u0107em.<\/p>\n\n\n\n<div class=\"wp-block-columns is-layout-flex wp-container-core-columns-is-layout-9d6595d7 wp-block-columns-is-layout-flex\">\n<div class=\"wp-block-column is-layout-flow wp-block-column-is-layout-flow\">\n<figure class=\"wp-block-image size-full\"><img loading=\"lazy\" decoding=\"async\" width=\"1024\" height=\"763\" src=\"https:\/\/smsigkovacic.me\/wp-content\/uploads\/2023\/03\/akademija-SMS-IGK-2023-4-1024x763-1.jpg\" alt=\"\" class=\"wp-image-5227\" srcset=\"https:\/\/smsigkovacic.me\/wp-content\/uploads\/2023\/03\/akademija-SMS-IGK-2023-4-1024x763-1.jpg 1024w, https:\/\/smsigkovacic.me\/wp-content\/uploads\/2023\/03\/akademija-SMS-IGK-2023-4-1024x763-1-300x224.jpg 300w, https:\/\/smsigkovacic.me\/wp-content\/uploads\/2023\/03\/akademija-SMS-IGK-2023-4-1024x763-1-768x572.jpg 768w\" sizes=\"auto, (max-width: 1024px) 100vw, 1024px\" \/><\/figure>\n<\/div>\n\n\n\n<div class=\"wp-block-column is-layout-flow wp-block-column-is-layout-flow\">\n<figure class=\"wp-block-image size-full\"><img loading=\"lazy\" decoding=\"async\" width=\"1024\" height=\"768\" src=\"https:\/\/smsigkovacic.me\/wp-content\/uploads\/2023\/03\/akademija-SMS-IGK-2023-7-1024x768-1.jpg\" alt=\"\" class=\"wp-image-5228\" srcset=\"https:\/\/smsigkovacic.me\/wp-content\/uploads\/2023\/03\/akademija-SMS-IGK-2023-7-1024x768-1.jpg 1024w, https:\/\/smsigkovacic.me\/wp-content\/uploads\/2023\/03\/akademija-SMS-IGK-2023-7-1024x768-1-300x225.jpg 300w, https:\/\/smsigkovacic.me\/wp-content\/uploads\/2023\/03\/akademija-SMS-IGK-2023-7-1024x768-1-768x576.jpg 768w\" sizes=\"auto, (max-width: 1024px) 100vw, 1024px\" \/><\/figure>\n<\/div>\n\n\n\n<div class=\"wp-block-column is-layout-flow wp-block-column-is-layout-flow\">\n<figure class=\"wp-block-image size-full\"><img loading=\"lazy\" decoding=\"async\" width=\"1024\" height=\"671\" src=\"https:\/\/smsigkovacic.me\/wp-content\/uploads\/2023\/03\/akademija-SMS-IGK-2023-3-1024x671-1.jpg\" alt=\"\" class=\"wp-image-5229\" srcset=\"https:\/\/smsigkovacic.me\/wp-content\/uploads\/2023\/03\/akademija-SMS-IGK-2023-3-1024x671-1.jpg 1024w, https:\/\/smsigkovacic.me\/wp-content\/uploads\/2023\/03\/akademija-SMS-IGK-2023-3-1024x671-1-300x197.jpg 300w, https:\/\/smsigkovacic.me\/wp-content\/uploads\/2023\/03\/akademija-SMS-IGK-2023-3-1024x671-1-768x503.jpg 768w\" sizes=\"auto, (max-width: 1024px) 100vw, 1024px\" \/><\/figure>\n<\/div>\n<\/div>\n\n\n\n<p>\u2013 Ovaj broj je povezan sa temom akademije i na naslovnoj strani su stihovi koji su re\u010deni i tokom predstave \u201eHajdemo negdje\u201c. Iskra donosi raznovrstan sadr\u017eaj \u2013 prijateljstvo izme\u0111u na\u0161e i \u0161kole iz Sombora, uspjeh sportista, pri\u010de o u\u010deni\u010dkim uspjesima\u2026 Imamo i intervju prvog urednika Iskre Zorana Milovi\u0107a. Zahvaljuju\u0107i u\u010denicima i fotografijama koje su zabilje\u017eili, predstavili smo matursku ekskurziju, kvadrilu, matursko ve\u010de\u2026 Tu su i stripovi na stranim jezicima, predstavili smo uspjeh na\u0161ih debatera koji sada na putu za Brisel gdje \u0107e u\u010destvovati u konferenciji i debati. Radili smo sa u\u010denicima, to je izuzetan rad, mislim da \u0107ete u\u017eivati dok \u010ditate Iskru. Dugujem zahvalnost ne samo redakciji nego i svim u\u010denicima koji su davali ideje, u\u010destvovali u nastajanju lista od 1. septembra pa dalje, a posebno u onom najaktivnijem dijelu \u2013 januaru, februaru, martu, kazala je prof. Roganovi\u0107.<\/p>\n\n\n\n<p>Akademija je bila prilika i da svi upoznaju najbolje na dr\u017eavnom takmi\u010denju, ali i one koji su \u0161kolu i grad predstavljali kroz razli\u010dite programe. Direktorica \u0161kole Ljiljana Karanovi\u0107 uru\u010dila je poklone:<\/p>\n\n\n\n<div class=\"wp-block-image\"><figure class=\"aligncenter size-full\"><img loading=\"lazy\" decoding=\"async\" width=\"1024\" height=\"781\" src=\"https:\/\/smsigkovacic.me\/wp-content\/uploads\/2023\/03\/akademija-SMS-IGK-2023-6-1024x781-1.jpg\" alt=\"\" class=\"wp-image-5230\" srcset=\"https:\/\/smsigkovacic.me\/wp-content\/uploads\/2023\/03\/akademija-SMS-IGK-2023-6-1024x781-1.jpg 1024w, https:\/\/smsigkovacic.me\/wp-content\/uploads\/2023\/03\/akademija-SMS-IGK-2023-6-1024x781-1-300x229.jpg 300w, https:\/\/smsigkovacic.me\/wp-content\/uploads\/2023\/03\/akademija-SMS-IGK-2023-6-1024x781-1-768x586.jpg 768w\" sizes=\"auto, (max-width: 1024px) 100vw, 1024px\" \/><\/figure><\/div>\n\n\n\n<p>Maturantkinji turisti\u010dke \u0161kole Valeriji Benusi koja je svoj grad i \u0161kolu dostojno predstavljala na me\u0111unarodnim razmjenama u Evropi;<\/p>\n\n\n\n<p>Maturantu gimanzije Radovanu Milovi\u0107u za tre\u0107e mjesto u besjedni\u0161tvu na dr\u017eavnom takmi\u010denju, ali i za u\u010de\u0161\u0107e u kreiranju sve \u010detiri sve\u010dane akademije \u0161kole;<\/p>\n\n\n\n<p>Maturantkinji gimanzije Lari Kova\u010devi\u0107, najboljoj u dr\u017eavi u znanju iz engleskog, kao i njenoj mentorki profesorici Anici Radan;<\/p>\n\n\n\n<p>Maturantkinji gimnazije Zorici Kne\u017eevi\u0107 za tre\u0107e mjesto u znanju iz francuskog jezika, a njena mentorka je bila prof. Spomenka Mi\u0161elji\u0107.<\/p>\n\n\n\n<div class=\"wp-block-columns is-layout-flex wp-container-core-columns-is-layout-9d6595d7 wp-block-columns-is-layout-flex\">\n<div class=\"wp-block-column is-layout-flow wp-block-column-is-layout-flow\">\n<figure class=\"wp-block-image size-full\"><img loading=\"lazy\" decoding=\"async\" width=\"1200\" height=\"900\" src=\"https:\/\/smsigkovacic.me\/wp-content\/uploads\/2023\/03\/akademija-SMS-IGK-2023-14-1.jpg\" alt=\"\" class=\"wp-image-5231\" srcset=\"https:\/\/smsigkovacic.me\/wp-content\/uploads\/2023\/03\/akademija-SMS-IGK-2023-14-1.jpg 1200w, https:\/\/smsigkovacic.me\/wp-content\/uploads\/2023\/03\/akademija-SMS-IGK-2023-14-1-300x225.jpg 300w, https:\/\/smsigkovacic.me\/wp-content\/uploads\/2023\/03\/akademija-SMS-IGK-2023-14-1-768x576.jpg 768w\" sizes=\"auto, (max-width: 1200px) 100vw, 1200px\" \/><\/figure>\n<\/div>\n\n\n\n<div class=\"wp-block-column is-layout-flow wp-block-column-is-layout-flow\">\n<figure class=\"wp-block-image size-full\"><img loading=\"lazy\" decoding=\"async\" width=\"1024\" height=\"768\" src=\"https:\/\/smsigkovacic.me\/wp-content\/uploads\/2023\/03\/akademija-SMS-IGK-2023-2-1024x768-1.jpg\" alt=\"\" class=\"wp-image-5232\" srcset=\"https:\/\/smsigkovacic.me\/wp-content\/uploads\/2023\/03\/akademija-SMS-IGK-2023-2-1024x768-1.jpg 1024w, https:\/\/smsigkovacic.me\/wp-content\/uploads\/2023\/03\/akademija-SMS-IGK-2023-2-1024x768-1-300x225.jpg 300w, https:\/\/smsigkovacic.me\/wp-content\/uploads\/2023\/03\/akademija-SMS-IGK-2023-2-1024x768-1-768x576.jpg 768w\" sizes=\"auto, (max-width: 1024px) 100vw, 1024px\" \/><\/figure>\n<\/div>\n<\/div>\n\n\n\n<p>U foajeu Dvorane Park publika je imala priliku da vidi izlo\u017ebu radova \u201eNajljep\u0161a lica moga grada\u201c koju su pripremili u\u010denici gra\u0111evinske \u0161kole i gimnazije pod mentorstvom prof. Ksandre Popovi\u0107. Za koktel u foajeu bili su po tradiciji zadu\u017eeni u\u010denici i nastavnici ugostiteljske \u0161kole.<\/p>\n\n\n\n<p>Voditelj akademije bio je gimnazijalac Pavle \u0110urovi\u0107.<\/p>\n\n\n\n<p>Svi oni pokazali su ve\u010deras koliko rasko\u0161nog talenta stanuje u njima dok ple\u0161u, pjevaju, glume, u\u010de, ali i kako se snagom mladosti, iskrenom ljubavlju voli svoj zavi\u010daj, grad iz kojeg \u0107e sutra krenuti u svijet, ispisati neke nove stranice Svjetskih, a novskih i jednog dana mu se vratiti.<\/p>\n\n\n\n<p><strong>U\u010denicima i nastavnicima SM\u0160 \u201eIvan Goran Kova\u010di\u0107\u201c \u010destitamo Dan \u0161kole!<\/strong><\/p>\n\n\n\n<hr class=\"wp-block-separator\"\/>\n\n\n\n<figure class=\"wp-block-embed aligncenter is-type-video is-provider-youtube wp-block-embed-youtube wp-embed-aspect-16-9 wp-has-aspect-ratio\"><div class=\"wp-block-embed__wrapper\">\n<div class=\"video-container\"><iframe loading=\"lazy\" title=\"RTHN - Ro\u0111endanska akademija SM\u0160 Ivan Goran Kova\u010di\u0107 kao najljep\u0161a oda Herceg Novom\" width=\"500\" height=\"281\" src=\"https:\/\/www.youtube.com\/embed\/vL-7AiqL4A8?feature=oembed&#038;wmode=opaque\" frameborder=\"0\" allow=\"accelerometer; autoplay; clipboard-write; encrypted-media; gyroscope; picture-in-picture; web-share\" referrerpolicy=\"strict-origin-when-cross-origin\" allowfullscreen><\/iframe><\/div>\n<\/div><\/figure>\n","protected":false},"excerpt":{"rendered":"<p>tekst preuzet sa portala Radio televizije Herceg Novi \u201eKoliko se samo ljubavi i umjetnosti slilo u njega, toliko je isto&#46;&#46;&#46;<\/p>\n","protected":false},"author":1,"featured_media":5218,"comment_status":"closed","ping_status":"open","sticky":false,"template":"","format":"standard","meta":{"footnotes":""},"categories":[2],"tags":[],"class_list":["post-5217","post","type-post","status-publish","format-standard","has-post-thumbnail","hentry","category-aktuelnosti"],"_links":{"self":[{"href":"https:\/\/smsigkovacic.me\/index.php?rest_route=\/wp\/v2\/posts\/5217","targetHints":{"allow":["GET"]}}],"collection":[{"href":"https:\/\/smsigkovacic.me\/index.php?rest_route=\/wp\/v2\/posts"}],"about":[{"href":"https:\/\/smsigkovacic.me\/index.php?rest_route=\/wp\/v2\/types\/post"}],"author":[{"embeddable":true,"href":"https:\/\/smsigkovacic.me\/index.php?rest_route=\/wp\/v2\/users\/1"}],"replies":[{"embeddable":true,"href":"https:\/\/smsigkovacic.me\/index.php?rest_route=%2Fwp%2Fv2%2Fcomments&post=5217"}],"version-history":[{"count":2,"href":"https:\/\/smsigkovacic.me\/index.php?rest_route=\/wp\/v2\/posts\/5217\/revisions"}],"predecessor-version":[{"id":5240,"href":"https:\/\/smsigkovacic.me\/index.php?rest_route=\/wp\/v2\/posts\/5217\/revisions\/5240"}],"wp:featuredmedia":[{"embeddable":true,"href":"https:\/\/smsigkovacic.me\/index.php?rest_route=\/wp\/v2\/media\/5218"}],"wp:attachment":[{"href":"https:\/\/smsigkovacic.me\/index.php?rest_route=%2Fwp%2Fv2%2Fmedia&parent=5217"}],"wp:term":[{"taxonomy":"category","embeddable":true,"href":"https:\/\/smsigkovacic.me\/index.php?rest_route=%2Fwp%2Fv2%2Fcategories&post=5217"},{"taxonomy":"post_tag","embeddable":true,"href":"https:\/\/smsigkovacic.me\/index.php?rest_route=%2Fwp%2Fv2%2Ftags&post=5217"}],"curies":[{"name":"wp","href":"https:\/\/api.w.org\/{rel}","templated":true}]}}