{"id":1985,"date":"2019-03-15T00:00:45","date_gmt":"2019-03-15T00:00:45","guid":{"rendered":"http:\/\/smsigkovacic.me\/?p=1985"},"modified":"2019-03-15T13:09:14","modified_gmt":"2019-03-15T13:09:14","slug":"sara-novovic-vladimir-jovanovic-i-vido-mandic-gosti-radio-herceg-novog","status":"publish","type":"post","link":"https:\/\/smsigkovacic.me\/?p=1985","title":{"rendered":"Sara Novovi\u0107, Vladimir Jovanovi\u0107 i Vido Mandi\u0107, gosti Radio Herceg Novog"},"content":{"rendered":"<p><a href=\"http:\/\/radiohercegnovi.net\/nasi-gosti-sara-novovic-vladimir-jovanovic-i-vido-mandic\/\">Tekst preuzet sa portala Radio Herceg Novi<\/a><\/p>\n<hr \/>\n<p><a href=\"http:\/\/smsigkovacic.me\/wp-content\/uploads\/2019\/03\/20190315_radio1.jpg\"><img loading=\"lazy\" decoding=\"async\" class=\"aligncenter wp-image-1976 size-full\" src=\"http:\/\/smsigkovacic.me\/wp-content\/uploads\/2019\/03\/20190315_radio1.jpg\" alt=\"\" width=\"750\" height=\"450\" srcset=\"https:\/\/smsigkovacic.me\/wp-content\/uploads\/2019\/03\/20190315_radio1.jpg 750w, https:\/\/smsigkovacic.me\/wp-content\/uploads\/2019\/03\/20190315_radio1-300x180.jpg 300w\" sizes=\"auto, (max-width: 750px) 100vw, 750px\" \/><\/a>\u201eObrazovanje je najmo\u0107nije oru\u017eje koje mo\u017eete koristiti da promjenite svijet!\u201d, misao je iza koje stoji Nelson Mendela i premisa na koju se treba oslanjati i tako graditi dru\u0161tvo. Herceg Novi ima mladost na koju mo\u017ee biti ponosan i koja \u0107e biti njegov oslonac u godinama koje dolaze i znanjem promjeniti i unaprije\u0111ivati sve segmente. S<strong style=\"font-style: inherit;\">ara Novovi\u0107, mla\u0111a dvije godine od ostalih, prvakinja Crne Gore u znanju iz engleskog jezika, Vladimir Jovanovi\u0107, maturant, prvak dr\u017eave u znanju iz geografije, Vido Mandi\u0107, tako\u0111e maturant, tre\u0107e mjesto u znanju iz engleskog jezika, svi u\u010denici gimnazije SM\u0160 \u201cIvan Goran Kova\u010di\u0107\u201d.<\/strong><\/p>\n<p>I ovog puta odu\u0161evljavaju skromno\u0161\u0107u sa kojom komentari\u0161u nove uspjehe, zadovoljni \u0161to su u\u010dinili da se po njihovim rezultatima \u010duje za \u0161kolu i rodni grad.<\/p>\n<p><strong style=\"font-style: inherit;\"><a href=\"http:\/\/smsigkovacic.me\/wp-content\/uploads\/2019\/03\/20190315_radio2.jpg\"><img loading=\"lazy\" decoding=\"async\" class=\"size-medium wp-image-1977 alignleft\" src=\"http:\/\/smsigkovacic.me\/wp-content\/uploads\/2019\/03\/20190315_radio2-300x228.jpg\" alt=\"\" width=\"300\" height=\"228\" \/><\/a>Sara Novovi\u0107<\/strong>, u\u010denica drugog razreda gimnazije, pri\u010da nam da je, nakon objave rezultata, nastao \u0161ok jer nije o\u010dekivala tako visok plasman \u2013 prvo mjesto. Mentorka je bila\u00a0<strong style=\"font-style: inherit;\">profesorica Sanja Ateljevi\u0107<\/strong>.<\/p>\n<p>-Ove godine spremala sam se manje nego pro\u0161le, \u010dak sam u jednom trenutku pomislila da ne treba da idem. Kada sam saznala da sam, nakon pismenog dijela prva, bila sam veoma iznena\u0111ena i rekla sam sebi \u2013\u00a0<strong style=\"font-style: inherit;\">u redu, sada \u0107u jo\u0161 malo da se potrudim i u drugom dijelu<\/strong>. I uspjela sam. Ovo je, prije svega,\u00a0<strong style=\"font-style: inherit;\">potvrda da se isplatio trud koji sam ulo\u017eila prethodnih godina, bilo je pomo\u0107i \u0161kole, ali svi smo i sami morali da ula\u017eemo trud da bismo postigli rezultate.<\/strong>\u00a0Za takmi\u010denje smo se pripremali drug i ja rade\u0107i individualno kod ku\u0107e. Smatram, nadam se, da \u0107e mi ovo priznanje, a kasnije i diploma, pomo\u0107i i zna\u010diti na mom \u017eivotnom putu.\u00a0<strong style=\"font-style: inherit;\">Bila je jaka konkurencija, ove godine je i pismeni i usmeni dio takmi\u010denja bio te\u017ei, ali uglavnom smo svi bili srazmjernih znanja.<\/strong>\u00a0Pro\u0161le godine sam bila me\u0111u deset, a ove godine prva, ali svi smo imali manje poena nego lani, \u0161to pokazuje da je bilo te\u017ee. Bilo je malo treme. Bio mi je te\u017ei pismeni jer ima vi\u0161e djelova i nikada nisi sguran koliko si utro\u0161io vremena za rje\u0161avanje odre\u0111ene vje\u017ebe, a koliko je preostalo, pri\u010da Sara Novovi\u0107.<a href=\"http:\/\/smsigkovacic.me\/wp-content\/uploads\/2019\/03\/20190315_radio3.jpg\"><img loading=\"lazy\" decoding=\"async\" class=\"size-medium wp-image-1978 alignright\" src=\"http:\/\/smsigkovacic.me\/wp-content\/uploads\/2019\/03\/20190315_radio3-187x300.jpg\" alt=\"\" width=\"187\" height=\"300\" \/><\/a><\/p>\n<p>Sara je jesenas, sa svojom ekipom\u00a0<strong style=\"font-style: inherit;\">Debatnog kluba SM\u0160 \u201cIvan Goran Kova\u010di\u0107\u201d<\/strong>\u00a0i mentorom\u00a0<strong style=\"font-style: inherit;\">prof Gojkom \u0110ur\u0111evi\u0107em<\/strong>, postigla sjajan uspjeh na debatnom takmi\u010denju u Moskvi. Ekipno je osvojila tre\u0107e mjesto, a u kategoriji pojedina\u010dnih govornika bila je druga, dok je novska srednja \u0161kola nagra\u0111ena peharom kao najbolja na turniru.<\/p>\n<p>-Imala sam priliku da debatujem na engleskom, ali to je bilo lak\u0161e jer je mnogo opu\u0161tenije tako pri\u010dati. Mo\u017ee i da se potkrade neka neformalna fraza, ne mora da bude sve precizno i ta\u010dno, a na takmi\u010denju toga nema, kazala je Sara.<\/p>\n<p><strong style=\"font-style: inherit;\">Novske debatere o\u010dekuje takmi\u010denje u Bratislavi u aprilu.<\/strong><\/p>\n<p>-Ve\u0107 smo po\u010deli pripreme, dobili smo neke teme, debatova\u0107emo na engleskom ali \u0107emo se u \u0161koli spremati na na\u0161em jeziku. Ide nas troje, Ana-Marija Fin\u017egar, Aleksandra Ani\u010di\u0107 i ja, a mentor je profesor Gojko \u0110ur\u0111evi\u0107, najavila je Sara Novovi\u0107.<\/p>\n<p><strong style=\"font-style: inherit;\"><a href=\"http:\/\/smsigkovacic.me\/wp-content\/uploads\/2019\/03\/20190315_radio5.jpg\"><img loading=\"lazy\" decoding=\"async\" class=\"size-medium wp-image-1980 alignleft\" src=\"http:\/\/smsigkovacic.me\/wp-content\/uploads\/2019\/03\/20190315_radio5-300x213.jpg\" alt=\"\" width=\"300\" height=\"213\" \/><\/a>Vladimir Jovanovi\u0107,<\/strong>\u00a0maturant gimnazije novske srednje \u0161kole, prvak je dr\u017eave u znanju iz geografije. Njegov mentor bio je\u00a0<strong style=\"font-style: inherit;\">profesor Milenko \u017divkovi\u0107<\/strong>. Ve\u0107 dvije godine, zaslu\u017eeno, pi\u0161emo o ovom mladom, vrijednom momku koji je pro\u0161le i godinu prije osvajao drugo mjesto na takmi\u010denju, tako\u0111e iz geografije. \u017delio je i te\u017eio da se popne stepenicu vi\u0161e i uspio.<\/p>\n<p>\u2013<strong style=\"font-style: inherit;\">Ponosan sam na svoj uspjeh. Smatram da sam i pro\u0161le godine imao znanje za to prvo mjesto, ali nekako stvari nisu mogle da se poslo\u017ee.<\/strong>\u00a0Tako\u0111e, mislim da sam i ove godine mogao bolje da uradim premda sam bio prvi, tako da nisam ba\u0161 prezadovoljan jer sam pravio odre\u0111ene gre\u0161ke, ali sve je odli\u010dno zavr\u0161ilo. Najbitniji mi je, iskreno, osje\u0107aj postignu\u0107a i afirmacija \u2013 biti prvi u ne\u010demu.\u00a0<strong>Drago mi je i \u0161to sam proslavio \u0161kolu i rodno mjesto i dokazao da ne va\u017ei stereotip da su \u0161kole sa sjevera ozbiljnije kada je rije\u010d o takmi\u010denju, a sa juga ne.<\/strong>\u00a0Sa pripremama sam po\u010deo isto kao i pro\u0161le godine, nakon Bo\u017ei\u0107a pa do takmi\u010denja, radi<a href=\"http:\/\/smsigkovacic.me\/wp-content\/uploads\/2019\/03\/20190315_radio6.jpg\"><img loading=\"lazy\" decoding=\"async\" class=\"size-medium wp-image-1981 alignright\" src=\"http:\/\/smsigkovacic.me\/wp-content\/uploads\/2019\/03\/20190315_radio6-191x300.jpg\" alt=\"\" width=\"191\" height=\"300\" \/><\/a>o sam svakog dana u kontinuitetu. Koristio sam i dodatnu literaturu zahvaljuju\u0107i profesoru \u017divkovi\u0107u, ali i sve ono \u0161to sam upotrebljavao prethodnih godina, a tu je i internet.\u00a0<strong style=\"font-style: inherit;\">Gledano iz mog ugla, a upore\u0111uju\u0107i ovo i takmi\u010denje pro\u0161le godine i ranije, osnovna razlika je bila \u0161to nisam imao tremu.<\/strong>\u00a0Test je bio \u010dak i te\u017ei, ali iz nekog razloga, uop\u0161te se nisam osje\u0107ao uznemireno.\u00a0<strong style=\"font-style: inherit;\">Konkurencija je bila jaka i smatram da \u0107e u budu\u0107nosti biti dosta dobrih geografa.<\/strong>\u00a0Ina\u010de, testovi su u kontinuitetu, iz godine u godinu, sve te\u017ei i zanima me u kojem \u0107e se pravcu sve to dalje razvijati.<\/p>\n<p>Vladimir nastavlja od jeseni \u0161kolovanje na\u00a0<strong style=\"font-style: inherit;\">PMF u Podgorici i bira odsjek za ra\u010dunarske nauke<\/strong>, a budu\u0107im srednjo\u0161kolcima poru\u010duje.<\/p>\n<p>\u2013<strong style=\"font-style: inherit;\">Mislite da ste bolji nego \u0161to jeste. Svako mo\u017ee da postigne ono \u0161to zacrta kao cilj, ako ima volju i \u017eeli da radi.<\/strong>\u00a0Apsolutno nije pravilo da su lo\u0161i \u0111aci, lo\u0161i u svemu, jer on mo\u017ee da se isti\u010de u ne\u010demu i da se time bavi uspje\u0161no do kraja \u017eivota i anulira svu \u201elo\u0161u\u201e pri\u010du, istakao je Vladimir Jovanovi\u0107.<\/p>\n<p><img loading=\"lazy\" decoding=\"async\" class=\"size-medium wp-image-1982 alignleft\" src=\"http:\/\/smsigkovacic.me\/wp-content\/uploads\/2019\/03\/20190315_radio7-300x207.jpg\" alt=\"\" width=\"300\" height=\"207\" \/><\/p>\n<p><strong style=\"font-style: inherit;\">Vido Mandi\u0107<\/strong>, tako\u0111e maturant gimnazije novske srednje \u0161kole, tre\u0107i je u dr\u017eavi u znanju iz engleskog jezika, a njegova mentorka bila je\u00a0<strong style=\"font-style: inherit;\">profesorica Sne\u017eana Brajovi\u0107<\/strong>. Njih dvoje bili su i pro\u0161le godine tim koji je ostvario sjajan uspjeh osvojiv\u0161i drugo mjesto na istom takmi\u010denju. Skromnost i marljivost vrline su koje ovog mladog maturanta mogu ukratko opisati.<\/p>\n<p>\u2013<strong style=\"font-style: inherit;\">Zadovoljan sam tre\u0107im mjestom, ali ipak mislim da sam mogao bolje uz jo\u0161 malo priprema.<\/strong>\u00a0Nakon \u017ealbi sam izgubio\u00a0<strong style=\"font-style: inherit;\">drugo mjesto na pismenom dijelu, ali mislim da sam, premda je bio te\u017eak test, mogao da malo bolje uradim.<\/strong>\u00a0Glavni dio \u201cUse of English\u201d koji ima gramatiku i gra\u0111enje rije\u010di, je bio te\u017ei. Kada sam pogledao bodovnu listu, niko u kategoriji od 25 bodova nije imao preko 15, ja sam imao 14, ali dobar dio je ima 12, 10 pa i manje.\u00a0Svi smo imali manje nego prethodnih godina. Radio sam u \u0161koli, ali vi\u0161e je to bila moja priprema i iskustvo sa ranijeg takmi\u010denja. Imao sam priliku da radim dosta testova, sve krene kako treba, nema treme, ali ako ne\u0161to \u201eza\u0161kripi\u201c, pojavi se i ta bojazan, trema i onda na kraju, kada sve pro\u0111e, i taj osje\u0107aj nestane.\u00a0<strong style=\"font-style: inherit;\">Mislim da je uspjeh svih ovih godina potvrda mog znanja pa i ako nisam svake godine ostvario prvo mjesto. Zadovoljan sam onim \u0161to sam do sada postigao,\u00a0<\/strong>kazao je Vido.<a href=\"http:\/\/smsigkovacic.me\/wp-content\/uploads\/2019\/03\/20190315_radio8.jpg\"><img loading=\"lazy\" decoding=\"async\" class=\"size-medium wp-image-1983 alignright\" src=\"http:\/\/smsigkovacic.me\/wp-content\/uploads\/2019\/03\/20190315_radio8-199x300.jpg\" alt=\"\" width=\"199\" height=\"300\" \/><\/a><\/p>\n<p>I Vido \u0107e kao i Vlado, naredne \u0161kolske godine biti student\u00a0<strong style=\"font-style: inherit;\">PMF u Podgorici tako\u0111e na odsjeku za ra\u010dunarske nauke.<\/strong>\u00a0Ova dvojica maturanata dobitnici su i nagrada iz\u00a0<strong style=\"font-style: inherit;\">Fonda za kvalitet i talentovane u\u010denike Ministarstva prosvjete<\/strong>\u00a0za uspjeh u pro\u0161log nastavnoj godini. Prvacima koji tek sti\u017eu u SM\u0160 \u201cIvan Goran Kova\u010di\u0107\u201d Vido je savjetovao.<\/p>\n<p>\u2013<strong style=\"font-style: inherit;\">Redovno u\u010dite, na\u0111ite ne\u0161to \u0161to volite, na tome radite i usavr\u0161avajte koliko god mo\u017eete!<\/strong><\/p>\n<p><strong style=\"font-style: inherit;\">Direktor \u0161kole Momir Dragi\u0107evi\u0107<\/strong>, ponosan je na ovo troje u\u010denika ali i ostale koji su postigli vrijedan pa\u017enje rezultat na dr\u017eavnom takmi\u010denju.<\/p>\n<p>\u2013<strong style=\"font-style: inherit;\">Novi uspjeh pokazuje kontinuitet kvaliteta rada \u0161kole<\/strong>. Iz godine u godinu ponavlja se da aktivi engleskog i geografije iznjedre prvaka \u0161kole ili osvaja\u010da nekog od prve tri nagrade na dr\u017eavnom takmi\u010denju.\u00a0<strong style=\"font-style: inherit;\">Oni zaslu\u017euju sve \u010destitke, posebno Sara koja je u\u010denica drugog razreda, a takmi\u010dila se sa u\u010denicima tre\u0107eg i \u010detvrtog i bila prva. I ostali u\u010denici koji su se takmi\u010dili u znanju iz hemije, italijanskog jezika i matematike, postigli su zavidne rezultate sa kojima se \u0161kola ponosi.<\/strong>\u00a0Posebno isti\u010dem sedmo mjesto iz matematike\u00a0<strong style=\"font-style: inherit;\">Milana Le\u010di\u0107a<\/strong>\u00a0(mentor prof Gojko \u0110ur\u0111evi\u0107) koji je u\u010denik prvog razreda, a odmjerio je znanje sa \u0111acima starijih razreda i postigao izvanredan rezultat.\u00a0<strong style=\"font-style: inherit;\">Ponosni smo na sve njih i na odli\u010dne rezultate koje posti\u017eu<\/strong>, kazao je Dragi\u0107evi\u0107.<\/p>\n<p>&nbsp;<\/p>\n","protected":false},"excerpt":{"rendered":"<p>Tekst preuzet sa portala Radio Herceg Novi \u201eObrazovanje je najmo\u0107nije oru\u017eje koje mo\u017eete koristiti da promjenite svijet!\u201d, misao je iza&#46;&#46;&#46;<\/p>\n","protected":false},"author":1,"featured_media":1984,"comment_status":"closed","ping_status":"open","sticky":false,"template":"","format":"standard","meta":{"footnotes":""},"categories":[2],"tags":[],"class_list":["post-1985","post","type-post","status-publish","format-standard","has-post-thumbnail","hentry","category-aktuelnosti"],"_links":{"self":[{"href":"https:\/\/smsigkovacic.me\/index.php?rest_route=\/wp\/v2\/posts\/1985","targetHints":{"allow":["GET"]}}],"collection":[{"href":"https:\/\/smsigkovacic.me\/index.php?rest_route=\/wp\/v2\/posts"}],"about":[{"href":"https:\/\/smsigkovacic.me\/index.php?rest_route=\/wp\/v2\/types\/post"}],"author":[{"embeddable":true,"href":"https:\/\/smsigkovacic.me\/index.php?rest_route=\/wp\/v2\/users\/1"}],"replies":[{"embeddable":true,"href":"https:\/\/smsigkovacic.me\/index.php?rest_route=%2Fwp%2Fv2%2Fcomments&post=1985"}],"version-history":[{"count":1,"href":"https:\/\/smsigkovacic.me\/index.php?rest_route=\/wp\/v2\/posts\/1985\/revisions"}],"predecessor-version":[{"id":1986,"href":"https:\/\/smsigkovacic.me\/index.php?rest_route=\/wp\/v2\/posts\/1985\/revisions\/1986"}],"wp:featuredmedia":[{"embeddable":true,"href":"https:\/\/smsigkovacic.me\/index.php?rest_route=\/wp\/v2\/media\/1984"}],"wp:attachment":[{"href":"https:\/\/smsigkovacic.me\/index.php?rest_route=%2Fwp%2Fv2%2Fmedia&parent=1985"}],"wp:term":[{"taxonomy":"category","embeddable":true,"href":"https:\/\/smsigkovacic.me\/index.php?rest_route=%2Fwp%2Fv2%2Fcategories&post=1985"},{"taxonomy":"post_tag","embeddable":true,"href":"https:\/\/smsigkovacic.me\/index.php?rest_route=%2Fwp%2Fv2%2Ftags&post=1985"}],"curies":[{"name":"wp","href":"https:\/\/api.w.org\/{rel}","templated":true}]}}